{"id":2609,"date":"2019-08-07T09:47:57","date_gmt":"2019-08-07T08:47:57","guid":{"rendered":"http:\/\/34.250.150.32\/?p=2609"},"modified":"2021-03-04T16:48:37","modified_gmt":"2021-03-04T15:48:37","slug":"horarios-y-calendario-de-isla-magica","status":"publish","type":"post","link":"https:\/\/www.colectivia.com\/blog\/horarios-y-calendario-de-isla-magica\/","title":{"rendered":"HORARIOS Y CALENDARIO DE ISLA M\u00c1GICA"},"content":{"rendered":"\n<p><strong>A partir del mes de abril<\/strong>, el parque se encuentra <strong>abierto<\/strong> para brindarles a todos los asistentes la mejor diversi\u00f3n por medio de sus diferentes atracciones. Por ello, se han establecido un sinf\u00edn de <strong>horarios <\/strong>en los que este funcionar\u00e1, los mismos se encuentran <strong>condicionados a las distintas temporadas del a\u00f1o<\/strong>, a fin de lograr una mayor afluencia al complejo. En este art\u00edculo, encontrar\u00e1s tambi\u00e9n el nuevo calendario de Isla M\u00e1gica para este 2021.\u00a0<\/p>\n<h2 style=\"text-align: center;\"><strong>Horario de Isla M\u00e1gica<\/strong><\/h2>\n<p>Isla M\u00e1gica abre sus puertas de lunes a domingo, a partir de las 11:00 horas hasta las 23:00. Seg\u00fan sea el caso, existen horarios distintos para fines de semana y d\u00edas feriados. Entre los cuales se pueden mencionar:<\/p>\n<p><strong>Horario Primavera<\/strong>: 11:00 \u2013 19:00h. Este horario es v\u00e1lido los meses de mayo y junio.<\/p>\n<p><strong>Horario primavera Amplio\/oto\u00f1o<\/strong>: 11:00 \u2013 22:00h. Funcionar\u00e1 durante los fines de semana e incluso feriados de abril, mayo, las \u00faltimas semanas de septiembre, octubre y el primer fin de semana de noviembre.<\/p>\n<p><strong>Horario Halloween:<\/strong> 17:00 \u2013 24:00h. Este horario tambi\u00e9n funcionar\u00e1 durante todo el mes de octubre, con motivo de la celebraci\u00f3n de Halloween, que tiene lugar d\u00eda 31.<\/p>\n<p><strong>Horario verano:<\/strong> 11:00 \u2013 23:00h. En caso que desees divertirte en la tarde o en horas de la noche, podr\u00e1s hacerlo a partir de las 17:00 y 20:00h respectivamente durante los fines de semana de junio, as\u00ed como tambi\u00e9n toda la semana de julio, agosto y principios de septiembre. Este horario funciona perfectamente con excepci\u00f3n de los d\u00edas s\u00e1bados, d\u00eda en que las puertas del recinto estar\u00e1n cerradas. \u00a0<\/p>\n<p><strong>Horario verano Amplio:<\/strong> 11:00 \u2013 24:00h. A diferencia del horario de verano, este podr\u00e1s disfrutarlo \u00fanicamente los s\u00e1bados de los meses mencionados anteriormente.<\/p>\n<p>Otros horarios que tambi\u00e9n se pueden encontrar dentro del parque son:<\/p>\n<p><strong>Horario Habitual:<\/strong> 11:30 \u2013 20:00h.<\/p>\n<p><strong>Horario primavera Agua M\u00e1gica<\/strong>: 11:30 \u2013 18:30h<\/p>\n<h2 style=\"text-align: center;\"><strong>Calendario de Isla M\u00e1gica<\/strong><\/h2>\n<p>El calendario de Isla M\u00e1gica se encuentra <strong>dividido en cuanto a las temporadas del a\u00f1o<\/strong>, cada una de ellas tendr\u00e1 un horario diferente. En los meses de junio, julio, agosto y septiembre, el parque funcionar\u00e1 en horario verano, ya que se trata de la \u00e9poca vacacional. Para los siguientes meses, el parque tiende a cerrar a las 19:00, 22:00 \u00f3 24:00 horas, esta \u00faltima ocurre especialmente en las fiestas de Halloween. \u00a0\u00a0<\/p>\n<p><img loading=\"lazy\" class=\"aligncenter size-full wp-image-5016\" src=\"http:\/\/34.250.150.32\/wp-content\/uploads\/2019\/08\/calendario-de-isla-m\u00e1gica.png\" alt=\"calendario-de-isla-m\u00e1gica\" width=\"805\" height=\"514\" srcset=\"https:\/\/www.colectivia.com\/blog\/wp-content\/uploads\/2019\/08\/calendario-de-isla-m\u00e1gica.png 805w, https:\/\/www.colectivia.com\/blog\/wp-content\/uploads\/2019\/08\/calendario-de-isla-m\u00e1gica-300x192.png 300w, https:\/\/www.colectivia.com\/blog\/wp-content\/uploads\/2019\/08\/calendario-de-isla-m\u00e1gica-768x490.png 768w, https:\/\/www.colectivia.com\/blog\/wp-content\/uploads\/2019\/08\/calendario-de-isla-m\u00e1gica-696x444.png 696w, https:\/\/www.colectivia.com\/blog\/wp-content\/uploads\/2019\/08\/calendario-de-isla-m\u00e1gica-658x420.png 658w\" sizes=\"(max-width: 805px) 100vw, 805px\" \/><\/p>\n<p><img loading=\"lazy\" class=\"aligncenter size-full wp-image-5017\" src=\"http:\/\/34.250.150.32\/wp-content\/uploads\/2019\/08\/calendario-isla-m\u00e1gica.png\" alt=\"calendario-isla-m\u00e1gica\" width=\"794\" height=\"229\" srcset=\"https:\/\/www.colectivia.com\/blog\/wp-content\/uploads\/2019\/08\/calendario-isla-m\u00e1gica.png 794w, https:\/\/www.colectivia.com\/blog\/wp-content\/uploads\/2019\/08\/calendario-isla-m\u00e1gica-300x87.png 300w, https:\/\/www.colectivia.com\/blog\/wp-content\/uploads\/2019\/08\/calendario-isla-m\u00e1gica-768x222.png 768w, https:\/\/www.colectivia.com\/blog\/wp-content\/uploads\/2019\/08\/calendario-isla-m\u00e1gica-696x201.png 696w\" sizes=\"(max-width: 794px) 100vw, 794px\" \/><\/p>\n<p>Es importante mencionar que durante la semana santa, el parque Isla M\u00e1gica se encontrar\u00e1 abierto \u00fanicamente el fin de semana; una historia similar suceder\u00e1 en los meses de septiembre y octubre.<\/p>\n<h2 style=\"text-align: center;\"><strong>Apertura Isla M\u00e1gica 2021<\/strong><\/h2>\n<p>Para el 2021, el parque <strong><span style=\"text-decoration: underline;\">Isla M\u00e1gica<\/span> <\/strong>trabajar\u00e1 en<strong> horario seguido desde el mediod\u00eda hasta las 23:00 horas<\/strong>, de manera que pueda garantizarse un mayor disfrute en cada una de las atracciones. Es preciso mencionar que las puertas de este recinto estar\u00e1n abiertas <strong>a partir del 18 de abril<\/strong>, d\u00eda en que empieza oficialmente la temporada, y <strong>termina el pr\u00f3ximo domingo 2 de noviembre<\/strong>.<\/p>\n<p>Por su parte, el parque acu\u00e1tico <a href=\"https:\/\/www.colectivia.com\/blog\/las-mejores-atracciones-de-isla-magica\/\"><span style=\"text-decoration: underline;\"><strong>Agua M\u00e1gica<\/strong><\/span><\/a> iniciar\u00e1 su sexta temporada consecutiva a partir del <strong>primer d\u00eda de junio hasta el pr\u00f3ximo 13 de septiembre<\/strong>.<\/p>\n<p>Entre las actividades nuevas que ser\u00e1 posible disfrutar este a\u00f1o se encuentra la Isla Calavera, donde los m\u00e1s peque\u00f1os podr\u00e1n jugar y disfrazarse de piratas; dentro de esta estaci\u00f3n, tambi\u00e9n ser\u00e1 posible divertirse en la nueva atracci\u00f3n \u201cLos N\u00e1ufragos\u201d. Tambi\u00e9n podr\u00e1s hacer lo propio con el nuevo <a href=\"https:\/\/www.colectivia.com\/blog\/los-mejores-espectaculos-de-isla-magica\/\">espect\u00e1culo de Isla M\u00e1gica<\/a> que lleva por nombre \u201cDimensi\u00f3n 4\u201d.\u00a0<\/p>\n<p>Si deseas acudir, deber\u00e1s comprar las entradas a trav\u00e9s del sitio web o directamente en las taquillas del recinto, este proceso debe realizarse con anticipaci\u00f3n, de esta manera se garantiza el disfrute de todas las atracciones y espect\u00e1culos. \u00a0<\/p>\n\n\n\n<p><\/p>\n","protected":false},"excerpt":{"rendered":"<p>A partir del mes de abril, el parque se encuentra abierto para brindarles a todos los asistentes la mejor diversi\u00f3n por medio de sus diferentes atracciones. Por ello, se han establecido un sinf\u00edn de horarios en los que este funcionar\u00e1, los mismos se encuentran condicionados a las distintas temporadas del a\u00f1o, a fin de lograr [&hellip;]<\/p>\n","protected":false},"author":1,"featured_media":2638,"comment_status":"open","ping_status":"open","sticky":false,"template":"","format":"standard","meta":[],"categories":[39,32],"tags":[],"yoast_head":"<!-- This site is optimized with the Yoast SEO Premium plugin v19.0 (Yoast SEO v19.14) - https:\/\/yoast.com\/wordpress\/plugins\/seo\/ -->\n<title>HORARIOS Y CALENDARIO DE ISLA M\u00c1GICA - Colectivia Blog | Parques de atracciones, acu\u00e1ticos, zool\u00f3gicos, acuarios y m\u00e1s<\/title>\n<meta name=\"description\" content=\"Este 2021 llega con un nuevo horario y calendario de Isla M\u00e1gica, d\u00f3nde podr\u00e1s disfrutar de las mejores atracciones en compa\u00f1\u00eda de los tuyos.\" \/>\n<meta name=\"robots\" content=\"index, follow, max-snippet:-1, max-image-preview:large, max-video-preview:-1\" \/>\n<link rel=\"canonical\" href=\"https:\/\/www.colectivia.com\/blog\/horarios-y-calendario-de-isla-magica\/\" \/>\n<meta property=\"og:locale\" content=\"es_ES\" \/>\n<meta property=\"og:type\" content=\"article\" \/>\n<meta property=\"og:title\" content=\"HORARIOS Y CALENDARIO DE ISLA M\u00c1GICA\" \/>\n<meta property=\"og:description\" content=\"Este 2021 llega con un nuevo horario y calendario de Isla M\u00e1gica, d\u00f3nde podr\u00e1s disfrutar de las mejores atracciones en compa\u00f1\u00eda de los tuyos.\" \/>\n<meta property=\"og:url\" content=\"https:\/\/www.colectivia.com\/blog\/horarios-y-calendario-de-isla-magica\/\" \/>\n<meta property=\"og:site_name\" content=\"Colectivia Blog | Parques de atracciones, acu\u00e1ticos, zool\u00f3gicos, acuarios y m\u00e1s\" \/>\n<meta property=\"article:published_time\" content=\"2019-08-07T08:47:57+00:00\" \/>\n<meta property=\"article:modified_time\" content=\"2021-03-04T15:48:37+00:00\" \/>\n<meta property=\"og:image\" content=\"https:\/\/www.colectivia.com\/blog\/wp-content\/uploads\/2019\/08\/horario-isla-magica.jpg\" \/>\n\t<meta property=\"og:image:width\" content=\"693\" \/>\n\t<meta property=\"og:image:height\" content=\"429\" \/>\n\t<meta property=\"og:image:type\" content=\"image\/jpeg\" \/>\n<meta name=\"author\" content=\"Admin\" \/>\n<meta name=\"twitter:card\" content=\"summary_large_image\" \/>\n<meta name=\"twitter:label1\" content=\"Escrito por\" \/>\n\t<meta name=\"twitter:data1\" content=\"Admin\" \/>\n\t<meta name=\"twitter:label2\" content=\"Tiempo de lectura\" \/>\n\t<meta name=\"twitter:data2\" content=\"3 minutos\" \/>\n<script type=\"application\/ld+json\" class=\"yoast-schema-graph\">{\"@context\":\"https:\/\/schema.org\",\"@graph\":[{\"@type\":\"Article\",\"@id\":\"https:\/\/www.colectivia.com\/blog\/horarios-y-calendario-de-isla-magica\/#article\",\"isPartOf\":{\"@id\":\"https:\/\/www.colectivia.com\/blog\/horarios-y-calendario-de-isla-magica\/\"},\"author\":{\"name\":\"Admin\",\"@id\":\"http:\/\/34.250.150.32:80\/#\/schema\/person\/712d0c65999e034bd32e4c7959a96654\"},\"headline\":\"HORARIOS Y CALENDARIO DE ISLA M\u00c1GICA\",\"datePublished\":\"2019-08-07T08:47:57+00:00\",\"dateModified\":\"2021-03-04T15:48:37+00:00\",\"mainEntityOfPage\":{\"@id\":\"https:\/\/www.colectivia.com\/blog\/horarios-y-calendario-de-isla-magica\/\"},\"wordCount\":635,\"commentCount\":0,\"publisher\":{\"@id\":\"http:\/\/34.250.150.32:80\/#organization\"},\"articleSection\":[\"Isla M\u00e1gica\",\"Parques de atracciones\"],\"inLanguage\":\"es\",\"potentialAction\":[{\"@type\":\"CommentAction\",\"name\":\"Comment\",\"target\":[\"https:\/\/www.colectivia.com\/blog\/horarios-y-calendario-de-isla-magica\/#respond\"]}]},{\"@type\":\"WebPage\",\"@id\":\"https:\/\/www.colectivia.com\/blog\/horarios-y-calendario-de-isla-magica\/\",\"url\":\"https:\/\/www.colectivia.com\/blog\/horarios-y-calendario-de-isla-magica\/\",\"name\":\"HORARIOS Y CALENDARIO DE ISLA M\u00c1GICA - Colectivia Blog | Parques de atracciones, acu\u00e1ticos, zool\u00f3gicos, acuarios y m\u00e1s\",\"isPartOf\":{\"@id\":\"http:\/\/34.250.150.32:80\/#website\"},\"datePublished\":\"2019-08-07T08:47:57+00:00\",\"dateModified\":\"2021-03-04T15:48:37+00:00\",\"description\":\"Este 2021 llega con un nuevo horario y calendario de Isla M\u00e1gica, d\u00f3nde podr\u00e1s disfrutar de las mejores atracciones en compa\u00f1\u00eda de los tuyos.\",\"breadcrumb\":{\"@id\":\"https:\/\/www.colectivia.com\/blog\/horarios-y-calendario-de-isla-magica\/#breadcrumb\"},\"inLanguage\":\"es\",\"potentialAction\":[{\"@type\":\"ReadAction\",\"target\":[\"https:\/\/www.colectivia.com\/blog\/horarios-y-calendario-de-isla-magica\/\"]}]},{\"@type\":\"BreadcrumbList\",\"@id\":\"https:\/\/www.colectivia.com\/blog\/horarios-y-calendario-de-isla-magica\/#breadcrumb\",\"itemListElement\":[{\"@type\":\"ListItem\",\"position\":1,\"name\":\"Portada\",\"item\":\"http:\/\/34.250.150.32:80\/\"},{\"@type\":\"ListItem\",\"position\":2,\"name\":\"HORARIOS Y CALENDARIO DE ISLA M\u00c1GICA\"}]},{\"@type\":\"WebSite\",\"@id\":\"http:\/\/34.250.150.32:80\/#website\",\"url\":\"http:\/\/34.250.150.32:80\/\",\"name\":\"Colectivia Blog | Parques de atracciones, acu\u00e1ticos, zool\u00f3gicos, acuarios y m\u00e1s\",\"description\":\"Recomendaciones sobre actividades de ocio, gastronom\u00eda, viajes y todo lo que te gusta en tu ciudad.\",\"publisher\":{\"@id\":\"http:\/\/34.250.150.32:80\/#organization\"},\"potentialAction\":[{\"@type\":\"SearchAction\",\"target\":{\"@type\":\"EntryPoint\",\"urlTemplate\":\"http:\/\/34.250.150.32:80\/?s={search_term_string}\"},\"query-input\":\"required name=search_term_string\"}],\"inLanguage\":\"es\"},{\"@type\":\"Organization\",\"@id\":\"http:\/\/34.250.150.32:80\/#organization\",\"name\":\"Colectivia Stories\",\"url\":\"http:\/\/34.250.150.32:80\/\",\"logo\":{\"@type\":\"ImageObject\",\"inLanguage\":\"es\",\"@id\":\"http:\/\/34.250.150.32:80\/#\/schema\/logo\/image\/\",\"url\":\"https:\/\/www.colectivia.com\/blog\/wp-content\/uploads\/2019\/11\/colectivia.jpg\",\"contentUrl\":\"https:\/\/www.colectivia.com\/blog\/wp-content\/uploads\/2019\/11\/colectivia.jpg\",\"width\":250,\"height\":167,\"caption\":\"Colectivia Stories\"},\"image\":{\"@id\":\"http:\/\/34.250.150.32:80\/#\/schema\/logo\/image\/\"}},{\"@type\":\"Person\",\"@id\":\"http:\/\/34.250.150.32:80\/#\/schema\/person\/712d0c65999e034bd32e4c7959a96654\",\"name\":\"Admin\",\"image\":{\"@type\":\"ImageObject\",\"inLanguage\":\"es\",\"@id\":\"http:\/\/34.250.150.32:80\/#\/schema\/person\/image\/\",\"url\":\"https:\/\/secure.gravatar.com\/avatar\/b58996c504c5638798eb6b511e6f49af?s=96&d=mm&r=g\",\"contentUrl\":\"https:\/\/secure.gravatar.com\/avatar\/b58996c504c5638798eb6b511e6f49af?s=96&d=mm&r=g\",\"caption\":\"Admin\"}}]}<\/script>\n<!-- \/ Yoast SEO Premium plugin. -->","yoast_head_json":{"title":"HORARIOS Y CALENDARIO DE ISLA M\u00c1GICA - Colectivia Blog | Parques de atracciones, acu\u00e1ticos, zool\u00f3gicos, acuarios y m\u00e1s","description":"Este 2021 llega con un nuevo horario y calendario de Isla M\u00e1gica, d\u00f3nde podr\u00e1s disfrutar de las mejores atracciones en compa\u00f1\u00eda de los tuyos.","robots":{"index":"index","follow":"follow","max-snippet":"max-snippet:-1","max-image-preview":"max-image-preview:large","max-video-preview":"max-video-preview:-1"},"canonical":"https:\/\/www.colectivia.com\/blog\/horarios-y-calendario-de-isla-magica\/","og_locale":"es_ES","og_type":"article","og_title":"HORARIOS Y CALENDARIO DE ISLA M\u00c1GICA","og_description":"Este 2021 llega con un nuevo horario y calendario de Isla M\u00e1gica, d\u00f3nde podr\u00e1s disfrutar de las mejores atracciones en compa\u00f1\u00eda de los tuyos.","og_url":"https:\/\/www.colectivia.com\/blog\/horarios-y-calendario-de-isla-magica\/","og_site_name":"Colectivia Blog | Parques de atracciones, acu\u00e1ticos, zool\u00f3gicos, acuarios y m\u00e1s","article_published_time":"2019-08-07T08:47:57+00:00","article_modified_time":"2021-03-04T15:48:37+00:00","og_image":[{"width":693,"height":429,"url":"https:\/\/www.colectivia.com\/blog\/wp-content\/uploads\/2019\/08\/horario-isla-magica.jpg","type":"image\/jpeg"}],"author":"Admin","twitter_card":"summary_large_image","twitter_misc":{"Escrito por":"Admin","Tiempo de lectura":"3 minutos"},"schema":{"@context":"https:\/\/schema.org","@graph":[{"@type":"Article","@id":"https:\/\/www.colectivia.com\/blog\/horarios-y-calendario-de-isla-magica\/#article","isPartOf":{"@id":"https:\/\/www.colectivia.com\/blog\/horarios-y-calendario-de-isla-magica\/"},"author":{"name":"Admin","@id":"http:\/\/34.250.150.32:80\/#\/schema\/person\/712d0c65999e034bd32e4c7959a96654"},"headline":"HORARIOS Y CALENDARIO DE ISLA M\u00c1GICA","datePublished":"2019-08-07T08:47:57+00:00","dateModified":"2021-03-04T15:48:37+00:00","mainEntityOfPage":{"@id":"https:\/\/www.colectivia.com\/blog\/horarios-y-calendario-de-isla-magica\/"},"wordCount":635,"commentCount":0,"publisher":{"@id":"http:\/\/34.250.150.32:80\/#organization"},"articleSection":["Isla M\u00e1gica","Parques de atracciones"],"inLanguage":"es","potentialAction":[{"@type":"CommentAction","name":"Comment","target":["https:\/\/www.colectivia.com\/blog\/horarios-y-calendario-de-isla-magica\/#respond"]}]},{"@type":"WebPage","@id":"https:\/\/www.colectivia.com\/blog\/horarios-y-calendario-de-isla-magica\/","url":"https:\/\/www.colectivia.com\/blog\/horarios-y-calendario-de-isla-magica\/","name":"HORARIOS Y CALENDARIO DE ISLA M\u00c1GICA - Colectivia Blog | Parques de atracciones, acu\u00e1ticos, zool\u00f3gicos, acuarios y m\u00e1s","isPartOf":{"@id":"http:\/\/34.250.150.32:80\/#website"},"datePublished":"2019-08-07T08:47:57+00:00","dateModified":"2021-03-04T15:48:37+00:00","description":"Este 2021 llega con un nuevo horario y calendario de Isla M\u00e1gica, d\u00f3nde podr\u00e1s disfrutar de las mejores atracciones en compa\u00f1\u00eda de los tuyos.","breadcrumb":{"@id":"https:\/\/www.colectivia.com\/blog\/horarios-y-calendario-de-isla-magica\/#breadcrumb"},"inLanguage":"es","potentialAction":[{"@type":"ReadAction","target":["https:\/\/www.colectivia.com\/blog\/horarios-y-calendario-de-isla-magica\/"]}]},{"@type":"BreadcrumbList","@id":"https:\/\/www.colectivia.com\/blog\/horarios-y-calendario-de-isla-magica\/#breadcrumb","itemListElement":[{"@type":"ListItem","position":1,"name":"Portada","item":"http:\/\/34.250.150.32:80\/"},{"@type":"ListItem","position":2,"name":"HORARIOS Y CALENDARIO DE ISLA M\u00c1GICA"}]},{"@type":"WebSite","@id":"http:\/\/34.250.150.32:80\/#website","url":"http:\/\/34.250.150.32:80\/","name":"Colectivia Blog | Parques de atracciones, acu\u00e1ticos, zool\u00f3gicos, acuarios y m\u00e1s","description":"Recomendaciones sobre actividades de ocio, gastronom\u00eda, viajes y todo lo que te gusta en tu ciudad.","publisher":{"@id":"http:\/\/34.250.150.32:80\/#organization"},"potentialAction":[{"@type":"SearchAction","target":{"@type":"EntryPoint","urlTemplate":"http:\/\/34.250.150.32:80\/?s={search_term_string}"},"query-input":"required name=search_term_string"}],"inLanguage":"es"},{"@type":"Organization","@id":"http:\/\/34.250.150.32:80\/#organization","name":"Colectivia Stories","url":"http:\/\/34.250.150.32:80\/","logo":{"@type":"ImageObject","inLanguage":"es","@id":"http:\/\/34.250.150.32:80\/#\/schema\/logo\/image\/","url":"https:\/\/www.colectivia.com\/blog\/wp-content\/uploads\/2019\/11\/colectivia.jpg","contentUrl":"https:\/\/www.colectivia.com\/blog\/wp-content\/uploads\/2019\/11\/colectivia.jpg","width":250,"height":167,"caption":"Colectivia Stories"},"image":{"@id":"http:\/\/34.250.150.32:80\/#\/schema\/logo\/image\/"}},{"@type":"Person","@id":"http:\/\/34.250.150.32:80\/#\/schema\/person\/712d0c65999e034bd32e4c7959a96654","name":"Admin","image":{"@type":"ImageObject","inLanguage":"es","@id":"http:\/\/34.250.150.32:80\/#\/schema\/person\/image\/","url":"https:\/\/secure.gravatar.com\/avatar\/b58996c504c5638798eb6b511e6f49af?s=96&d=mm&r=g","contentUrl":"https:\/\/secure.gravatar.com\/avatar\/b58996c504c5638798eb6b511e6f49af?s=96&d=mm&r=g","caption":"Admin"}}]}},"_links":{"self":[{"href":"https:\/\/www.colectivia.com\/blog\/wp-json\/wp\/v2\/posts\/2609"}],"collection":[{"href":"https:\/\/www.colectivia.com\/blog\/wp-json\/wp\/v2\/posts"}],"about":[{"href":"https:\/\/www.colectivia.com\/blog\/wp-json\/wp\/v2\/types\/post"}],"author":[{"embeddable":true,"href":"https:\/\/www.colectivia.com\/blog\/wp-json\/wp\/v2\/users\/1"}],"replies":[{"embeddable":true,"href":"https:\/\/www.colectivia.com\/blog\/wp-json\/wp\/v2\/comments?post=2609"}],"version-history":[{"count":7,"href":"https:\/\/www.colectivia.com\/blog\/wp-json\/wp\/v2\/posts\/2609\/revisions"}],"predecessor-version":[{"id":6329,"href":"https:\/\/www.colectivia.com\/blog\/wp-json\/wp\/v2\/posts\/2609\/revisions\/6329"}],"wp:featuredmedia":[{"embeddable":true,"href":"https:\/\/www.colectivia.com\/blog\/wp-json\/wp\/v2\/media\/2638"}],"wp:attachment":[{"href":"https:\/\/www.colectivia.com\/blog\/wp-json\/wp\/v2\/media?parent=2609"}],"wp:term":[{"taxonomy":"category","embeddable":true,"href":"https:\/\/www.colectivia.com\/blog\/wp-json\/wp\/v2\/categories?post=2609"},{"taxonomy":"post_tag","embeddable":true,"href":"https:\/\/www.colectivia.com\/blog\/wp-json\/wp\/v2\/tags?post=2609"}],"curies":[{"name":"wp","href":"https:\/\/api.w.org\/{rel}","templated":true}]}}